{"id":6892,"date":"2023-09-01T15:38:27","date_gmt":"2023-09-01T13:38:27","guid":{"rendered":"https:\/\/szachygrodzisk.pl\/?p=6892"},"modified":"2023-09-01T16:41:25","modified_gmt":"2023-09-01T14:41:25","slug":"mistrzostwa-polski-bis-2023","status":"publish","type":"post","link":"https:\/\/szachygrodzisk.pl\/index.php\/2023\/09\/01\/mistrzostwa-polski-bis-2023\/","title":{"rendered":"Mistrzostwa Polski BiS 2023"},"content":{"rendered":"\t\t<div data-elementor-type=\"wp-post\" data-elementor-id=\"6892\" class=\"elementor elementor-6892\">\n\t\t\t\t\t\t<section class=\"elementor-section elementor-top-section elementor-element elementor-element-fbda7bd elementor-section-boxed elementor-section-height-default elementor-section-height-default\" data-id=\"fbda7bd\" data-element_type=\"section\" data-e-type=\"section\">\n\t\t\t\t\t\t<div class=\"elementor-container elementor-column-gap-default\">\n\t\t\t\t\t<div class=\"elementor-column elementor-col-100 elementor-top-column elementor-element elementor-element-72c290d\" data-id=\"72c290d\" data-element_type=\"column\" data-e-type=\"column\">\n\t\t\t<div class=\"elementor-widget-wrap elementor-element-populated\">\n\t\t\t\t\t\t<div class=\"elementor-element elementor-element-4a753b3 elementor-widget elementor-widget-text-editor\" data-id=\"4a753b3\" data-element_type=\"widget\" data-e-type=\"widget\" data-widget_type=\"text-editor.default\">\n\t\t\t\t<div class=\"elementor-widget-container\">\n\t\t\t\t\t\t\t\t\t<div data-elementor-type=\"wp-post\" data-elementor-id=\"5445\"><section data-id=\"c53e10a\" data-element_type=\"section\"><div><div data-id=\"a41b7af\" data-element_type=\"column\"><div><div data-id=\"aa17d3f\" data-element_type=\"widget\" data-widget_type=\"text-editor.default\"><div><p>W dniach 29 \u2013 31 sierpnia w Bydgoszczy odby\u0142y si\u0119 <strong>Mistrzostwa Polski Junior\u00f3w w szachach szybkich i b\u0142yskawicznych<\/strong>. W tych zawodach mo\u017ce wzi\u0105\u0107 udzia\u0142 ka\u017cdy ch\u0119tny, wymaga si\u0119 jedynie przynale\u017cno\u015bci klubowej oraz posiadania licencji zawodniczej. Co roku jest to jedna z najwi\u0119kszych imprez szachowych \u2013 na starcie stan\u0119\u0142o ponad 1300 zawodnik\u00f3w (rekord frekwencji). Mistrzostwa s\u0105 rozgrywane w podziale na grupy wiekowe do lat 8 \/ 10 \/ 12 \/ 14 \/ 16 \/ 18, oddzielnie graj\u0105 ch\u0142opcy i dziewcz\u0119ta. Pierwsze dwa dni to szachy szybkie (11 rund, tempo 15+10), ostatni dzie\u0144 \u2013 szachy b\u0142yskawiczne (13 rund, tempo 3+2).<\/p><p>Nasza ekipa liczy\u0142a 15 zawodnik\u00f3w (r\u00f3wnie\u017c rekord frekwencji). W zesz\u0142ym roku nikomu nie uda\u0142o si\u0119 wej\u015b\u0107 do pierwszej dziesi\u0105tki &#8211; teraz uda\u0142a si\u0119 ta sztuka Stasiowi w szybkich i Karolowi w b\u0142yskawicznych. Warto zauwa\u017cy\u0107, \u017ce wi\u0119kszo\u015b\u0107 naszej ekipy gra\u0142a w grupach ze starszymi.<\/p><p>Wyniki naszych zawodnik\u00f3w w kolejno\u015bci wed\u0142ug liczby zdobytych punkt\u00f3w w sumie w obu turniejach (<span style=\"color: #ff0000;\">na czerwono<\/span> miejsca w pierwszej 20-ce):<\/p><ul><li><span style=\"font-weight: bold;\">Karol Mielcuch<\/span>\u00a0(C12) \u2013 7 pkt. (z 11) 36. miejsce w szybkich \/\/\/ 9,5 pkt. (z 13)\u00a0<span style=\"font-weight: bold;\"><span style=\"color: #ff0000;\">8. miejsce<\/span><\/span>\u00a0w b\u0142yskawicznych<\/li><li><span style=\"font-weight: bold;\">Sta\u015b Lenkov<\/span>\u00a0(C10) \u2013 8 pkt. (z 11)\u00a0<span style=\"font-weight: bold;\"><span style=\"color: #ff0000;\">10. miejsce<\/span><\/span>\u00a0w szybkich \/\/\/ 7 pkt. (z 13) 56. miejsce w b\u0142yskawicznych<\/li><li><span style=\"font-weight: bold; color: var( --e-global-color-text ); font-family: var( --e-global-typography-text-font-family ), Sans-serif; word-spacing: normal;\">Vasik Rajlich<\/span><span style=\"color: var( --e-global-color-text ); font-family: var( --e-global-typography-text-font-family ), Sans-serif; font-weight: var( --e-global-typography-text-font-weight ); word-spacing: normal;\">\u00a0(C14) \u2013 6 pkt. (z 11) 75. miejsce w szybkich \/\/\/ 8,5 pkt. (z 13) 25. miejsce w b\u0142yskawicznych<\/span><\/li><li><span style=\"font-weight: bold; color: var( --e-global-color-text ); font-family: var( --e-global-typography-text-font-family ), Sans-serif; word-spacing: normal;\">Ania Kici\u0144ska<\/span><span style=\"color: var( --e-global-color-text ); font-family: var( --e-global-typography-text-font-family ), Sans-serif; font-weight: var( --e-global-typography-text-font-weight ); word-spacing: normal;\">\u00a0(D14) \u2013 6 pkt. (z 11)\u00a0<span style=\"color: #ff0000;\">18. miejsce<\/span>\u00a0w szybkich \/\/\/ 8 pkt. (z 13)\u00a0<\/span><span style=\"font-family: var( --e-global-typography-text-font-family ), Sans-serif; font-weight: var( --e-global-typography-text-font-weight ); word-spacing: normal; color: #ff0000;\">11. miejsce<\/span><span style=\"color: var( --e-global-color-text ); font-family: var( --e-global-typography-text-font-family ), Sans-serif; font-weight: var( --e-global-typography-text-font-weight ); word-spacing: normal;\">\u00a0w b\u0142yskawicznych<\/span><\/li><li><span style=\"font-weight: bold;\">Micha\u0142 Bombi\u0144ski<\/span>\u00a0(C12) \u2013 6,5 pkt. (z 11) 57. miejsce w szybkich \/\/\/ 7,5 pkt. (z 13) 56. miejsce w b\u0142yskawicznych<\/li><li><span style=\"font-weight: bold;\">Weronika Trzci\u0144ska<\/span>\u00a0(D10) \u2013 6 pkt. (z 11) 39. miejsce w szybkich \/\/\/ 7,5 pkt. (z 13) 21. miejsce w b\u0142yskawicznych<\/li><li><span style=\"font-weight: bold;\">Hania \u0141oboda<\/span>\u00a0(D12) \u2013 6,5 pkt. (z 11) 22. miejsce w szybkich \/\/\/ 7 pkt. (z 13) 26. miejsce w b\u0142yskawicznych<\/li><li><span style=\"font-weight: bold; color: var( --e-global-color-text ); font-family: var( --e-global-typography-text-font-family ), Sans-serif; word-spacing: normal;\">Magda Kici\u0144ska\u00a0<\/span><span style=\"color: var( --e-global-color-text ); font-family: var( --e-global-typography-text-font-family ), Sans-serif; font-weight: var( --e-global-typography-text-font-weight ); word-spacing: normal;\">(D16)\u00a0<\/span><span style=\"color: var( --e-global-color-text ); font-family: var( --e-global-typography-text-font-family ), Sans-serif; font-weight: var( --e-global-typography-text-font-weight ); word-spacing: normal;\">\u2013 6,5 pkt. (z 11)\u00a0<span style=\"color: #ff0000;\">12. miejsce<\/span>\u00a0w szybkich \/\/\/ 6,5 pkt. (z 13) 30. miejsce w b\u0142yskawicznych<\/span><\/li><li><span style=\"font-weight: bold;\">Gosia Kici\u0144ska<\/span>\u00a0(D12) \u2013 5,5 pkt. (z 11) 47. miejsce w szybkich \/\/\/ 7,5 pkt. (z 13) 23. miejsce w b\u0142yskawicznych<\/li><li><span style=\"font-weight: bold; color: var( --e-global-color-text ); font-family: var( --e-global-typography-text-font-family ), Sans-serif; word-spacing: normal;\">Dominik Kisiel<\/span><span style=\"color: var( --e-global-color-text ); font-family: var( --e-global-typography-text-font-family ), Sans-serif; font-weight: var( --e-global-typography-text-font-weight ); word-spacing: normal;\">\u00a0(C14) \u2013 6,5 pkt. (z 11) 68. miejsce w szybkich \/\/\/ 6,5 pkt. (z 13) 108. miejsce w b\u0142yskawicznych<\/span><\/li><li><span style=\"font-weight: bold;\">Wiktoria Trzci\u0144ska<\/span>\u00a0(D08) \u2013 6,5 pkt. (z 11) <span style=\"color: #ff0000;\">14. miejsce<\/span> w szybkich \/\/\/ 6 pkt. (z 13) 29. miejsce w b\u0142yskawicznych<\/li><li><span style=\"font-weight: bold; color: var( --e-global-color-text ); font-family: var( --e-global-typography-text-font-family ), Sans-serif; word-spacing: normal;\">Micha\u0142 Daniszewski<\/span><span style=\"color: var( --e-global-color-text ); font-family: var( --e-global-typography-text-font-family ), Sans-serif; font-weight: var( --e-global-typography-text-font-weight ); word-spacing: normal;\">\u00a0(C14) \u2013 5 pkt. (z 11) 144. miejsce w szybkich \/\/\/ 6,5 pkt. (z 13) 100. miejsce w b\u0142yskawicznych<\/span><\/li><li><span style=\"font-weight: bold;\">Tomek Por\u0119ba<\/span>\u00a0(C12) \u2013 4 pkt. (z 11) 164. miejsce w szybkich \/\/\/ 6 pkt. (z 13) 125. miejsce w b\u0142yskawicznych<\/li><li><strong style=\"color: var( --e-global-color-text ); font-family: var( --e-global-typography-text-font-family ), Sans-serif; word-spacing: normal;\">Janek Por\u0119ba<\/strong><span style=\"color: var( --e-global-color-text ); font-family: var( --e-global-typography-text-font-family ), Sans-serif; font-weight: var( --e-global-typography-text-font-weight ); word-spacing: normal;\"> (C14) \u2013 5 pkt. (z 11) 139. miejsce w szybkich \/\/\/ 5 pkt. (z 13) 151. miejsce w b\u0142yskawicznych<\/span><\/li><li><strong>Mateusz Sidor<\/strong> (C14) \u2013 5 pkt. (z 11) 140. miejsce w szybkich \/\/\/ 5 pkt. (z 13) 161. miejsce w b\u0142yskawicznych<\/li><\/ul><\/div><\/div><\/div><\/div><\/div><\/section><\/div>\t\t\t\t\t\t\t\t<\/div>\n\t\t\t\t<\/div>\n\t\t\t\t\t<\/div>\n\t\t<\/div>\n\t\t\t\t\t<\/div>\n\t\t<\/section>\n\t\t\t\t<\/div>\n\t\t","protected":false},"excerpt":{"rendered":"<p>W tym roku BiSy go\u015bci\u0142a Bydgoszcz. Impreza pobi\u0142a rekord frekwencji (ponad 1300 zawodnik\u00f3w), nasza ekipa r\u00f3wnie\u017c by\u0142a najliczniejsza w historii (15 zawodnik\u00f3w). Sta\u015b Lenkov by\u0142 10. w grupie C10 w szachach szybkich, Karol Mielcuch &#8211; 8. w grupie C12 w szachach b\u0142yskawicznych. Ania Kici\u0144ska (D14) by\u0142a dwa razy w drugiej dziesi\u0105tce (11. i 18. miejsce), Madzia Kici\u0144ska (D16) by\u0142a 12. w szybkich, Wiktoria Trzci\u0144ska (D08) &#8211; 14. w szybkich.<\/p>\n<p> <a class=\"more-link\" href=\"https:\/\/szachygrodzisk.pl\/index.php\/2023\/09\/01\/mistrzostwa-polski-bis-2023\/\">Dowiedz si\u0119 wi\u0119cej<\/a><\/p>","protected":false},"author":2,"featured_media":6916,"comment_status":"open","ping_status":"open","sticky":false,"template":"","format":"standard","meta":{"_monsterinsights_skip_tracking":false,"_monsterinsights_sitenote_active":false,"_monsterinsights_sitenote_note":"","_monsterinsights_sitenote_category":0,"footnotes":""},"categories":[15],"tags":[],"class_list":{"0":"post-6892","1":"post","2":"type-post","3":"status-publish","4":"format-standard","5":"has-post-thumbnail","7":"category-mistrzostwa-juniorow"},"_links":{"self":[{"href":"https:\/\/szachygrodzisk.pl\/index.php\/wp-json\/wp\/v2\/posts\/6892","targetHints":{"allow":["GET"]}}],"collection":[{"href":"https:\/\/szachygrodzisk.pl\/index.php\/wp-json\/wp\/v2\/posts"}],"about":[{"href":"https:\/\/szachygrodzisk.pl\/index.php\/wp-json\/wp\/v2\/types\/post"}],"author":[{"embeddable":true,"href":"https:\/\/szachygrodzisk.pl\/index.php\/wp-json\/wp\/v2\/users\/2"}],"replies":[{"embeddable":true,"href":"https:\/\/szachygrodzisk.pl\/index.php\/wp-json\/wp\/v2\/comments?post=6892"}],"version-history":[{"count":27,"href":"https:\/\/szachygrodzisk.pl\/index.php\/wp-json\/wp\/v2\/posts\/6892\/revisions"}],"predecessor-version":[{"id":6923,"href":"https:\/\/szachygrodzisk.pl\/index.php\/wp-json\/wp\/v2\/posts\/6892\/revisions\/6923"}],"wp:featuredmedia":[{"embeddable":true,"href":"https:\/\/szachygrodzisk.pl\/index.php\/wp-json\/wp\/v2\/media\/6916"}],"wp:attachment":[{"href":"https:\/\/szachygrodzisk.pl\/index.php\/wp-json\/wp\/v2\/media?parent=6892"}],"wp:term":[{"taxonomy":"category","embeddable":true,"href":"https:\/\/szachygrodzisk.pl\/index.php\/wp-json\/wp\/v2\/categories?post=6892"},{"taxonomy":"post_tag","embeddable":true,"href":"https:\/\/szachygrodzisk.pl\/index.php\/wp-json\/wp\/v2\/tags?post=6892"}],"curies":[{"name":"wp","href":"https:\/\/api.w.org\/{rel}","templated":true}]}}