{"id":8850,"date":"2024-08-06T10:47:08","date_gmt":"2024-08-06T08:47:08","guid":{"rendered":"https:\/\/szachygrodzisk.pl\/?p=8850"},"modified":"2024-08-06T12:34:15","modified_gmt":"2024-08-06T10:34:15","slug":"mistrzostwa-polski-bis-2024","status":"publish","type":"post","link":"https:\/\/szachygrodzisk.pl\/index.php\/2024\/08\/06\/mistrzostwa-polski-bis-2024\/","title":{"rendered":"Mistrzostwa Polski BiS 2024"},"content":{"rendered":"\t\t<div data-elementor-type=\"wp-post\" data-elementor-id=\"8850\" class=\"elementor elementor-8850\">\n\t\t\t\t\t\t<section class=\"elementor-section elementor-top-section elementor-element elementor-element-fbda7bd elementor-section-boxed elementor-section-height-default elementor-section-height-default\" data-id=\"fbda7bd\" data-element_type=\"section\" data-e-type=\"section\">\n\t\t\t\t\t\t<div class=\"elementor-container elementor-column-gap-default\">\n\t\t\t\t\t<div class=\"elementor-column elementor-col-100 elementor-top-column elementor-element elementor-element-72c290d\" data-id=\"72c290d\" data-element_type=\"column\" data-e-type=\"column\">\n\t\t\t<div class=\"elementor-widget-wrap elementor-element-populated\">\n\t\t\t\t\t\t<div class=\"elementor-element elementor-element-4a753b3 elementor-widget elementor-widget-text-editor\" data-id=\"4a753b3\" data-element_type=\"widget\" data-e-type=\"widget\" data-widget_type=\"text-editor.default\">\n\t\t\t\t<div class=\"elementor-widget-container\">\n\t\t\t\t\t\t\t\t\t<div data-elementor-type=\"wp-post\" data-elementor-id=\"5445\"><section data-id=\"c53e10a\" data-element_type=\"section\"><div><div data-id=\"a41b7af\" data-element_type=\"column\"><div><div data-id=\"aa17d3f\" data-element_type=\"widget\" data-widget_type=\"text-editor.default\"><div><p>W dniach 2 \u2013 4 sierpnia w Krakowie odby\u0142y si\u0119 <strong>Mistrzostwa Polski Junior\u00f3w w szachach szybkich i b\u0142yskawicznych<\/strong>. W tych zawodach mo\u017ce wzi\u0105\u0107 udzia\u0142 ka\u017cdy ch\u0119tny, wymaga si\u0119 jedynie przynale\u017cno\u015bci klubowej oraz posiadania licencji zawodniczej. Co roku jest to jedna z najwi\u0119kszych imprez szachowych \u2013 na starcie stan\u0119\u0142o ponad 1300 zawodnik\u00f3w (podobnie, jak w zesz\u0142ym roku, wtedy by\u0142 to rekord frekwencji tej imprezy). Mistrzostwa s\u0105 rozgrywane w podziale na grupy wiekowe do lat 8 \/ 10 \/ 12 \/ 14 \/ 16 \/ 18, oddzielnie graj\u0105 ch\u0142opcy i dziewcz\u0119ta. Pierwsze dwa dni to szachy szybkie (11 rund, tempo 15+10), ostatni dzie\u0144 \u2013 szachy b\u0142yskawiczne (13 rund, tempo 3+2).<\/p><p>By\u0142y to najgorzej zorganizowane BiSy w ci\u0105gu ostatnich lat &#8211; gra w dw\u00f3ch halach, gor\u0105co i \u015bmierdz\u0105co, bardzo ma\u0142o miejsca dla opiekun\u00f3w i zawodnik\u00f3w mi\u0119dzy rundami, sporo dzieci si\u0119 pochorowa\u0142o (na szcz\u0119\u015bcie nie naszych). Z pozytyw\u00f3w &#8211; obs\u0142uga s\u0119dziowska by\u0142a w porz\u0105dku, nie licz\u0105c op\u00f3\u017anie\u0144 w m\u0142odszych grupach.<\/p><p>Nasza ekipa liczy\u0142a 13 zawodnik\u00f3w. Mniej ni\u017c rok temu, ale na pewno du\u017ce znaczenie mia\u0142o tu przesuni\u0119cie imprezy z ko\u0144ca wakacji na ich \u015brodek. Jednak nie ilo\u015b\u0107 si\u0119 liczy \ud83d\ude42 Szachowa Dw\u00f3jka osi\u0105gn\u0119\u0142a o wiele lepsze wyniki ni\u017c w poprzednich latach: w 2022 r. nikomu nie uda\u0142o si\u0119 wej\u015b\u0107 do pierwszej dziesi\u0105tki, rok temu mieli\u015bmy dw\u00f3jk\u0119 w pierwszej dziesi\u0105tce. A teraz &#8211; c\u00f3\u017c, wyniki m\u00f3wi\u0105 same za siebie. Wielkie gratulacje dla naszych junior\u00f3w!!!<\/p><p>Strona zawod\u00f3w (z wynikami grup): <a href=\"https:\/\/mpjbis.krakow.pl\/serwisy_turniejowe\/\">https:\/\/mpjbis.krakow.pl\/serwisy_turniejowe\/<\/a><\/p><p>Nasz wpis na facebooku z kilkoma zdj\u0119ciami: <a href=\"https:\/\/www.facebook.com\/SzachowaDwojka\/posts\/pfbid02EH1KT99hxG8k99HLtg8kNkyc4zKMbaBdSEqDyF5cetwHyemZ2GhugXzdphX5NwhNl\">tutaj<\/a><\/p><p>Dzi\u0119kujemy <b>Gminie Grodzisk Mazowiecki<\/b> za wsparcie finansowe naszego udzia\u0142u w tych Mistrzostwach.<\/p><p>Rekordowe przyrosty rankingu FIDE w naszej ekipie:<\/p><ul><li>Weronika Trzci\u0144ska FIDE BLITZ +222<\/li><li>Gosia Kici\u0144ska FIDE BLITZ +147<\/li><li>Weronika Trzci\u0144ska FIDE RAPID +131<\/li><li>Hania \u0141oboda FIDE BLITZ +130<\/li><li>Ania Kici\u0144ska FIDE RAPID +126<\/li><li>Sta\u015b Lenkov FIDE RAPID +123<\/li><li>Karol Mielcuch FIDE RAPID +116<\/li><li>Wojtek \u0141oboda FIDE RAPID +101<\/li><li>Sta\u015b Lenkov FIDE BLITZ +94<\/li><li>Wojtek \u0141oboda FIDE BLITZ +94<\/li><\/ul><p>Najwi\u0119ksza r\u00f3\u017cnica mi\u0119dzy numerem startowym a zaj\u0119tym miejscem:<\/p><ul><li>Wojtek \u0141oboda szybkie +73<\/li><li>Wojtek \u0141oboda b\u0142yskawiczne +61<\/li><li>Karol Mielcuch szybkie +38<\/li><li>Hania \u0141oboda b\u0142yskawiczne +31<\/li><li>Weronika Trzci\u0144ska b\u0142yskawiczne +30<\/li><li>Sta\u015b Lenkov szybkie +27<\/li><li>Gosia Kici\u0144ska b\u0142yskawiczne +21<\/li><li>Weronika Trzci\u0144ska szybkie +20<\/li><\/ul><p>Wyniki naszych zawodnik\u00f3w w kolejno\u015bci wed\u0142ug liczby zdobytych punkt\u00f3w w sumie w obu turniejach (<span style=\"color: #ff0000;\">na czerwono<\/span> miejsca w pierwszej 20-ce):<\/p><ul><li><span style=\"color: var( --e-global-color-text ); font-family: var( --e-global-typography-text-font-family ), Sans-serif; word-spacing: normal; font-weight: bold;\">Weronika Trzci\u0144ska<\/span><span style=\"color: var( --e-global-color-text ); font-family: var( --e-global-typography-text-font-family ), Sans-serif; font-weight: var( --e-global-typography-text-font-weight ); word-spacing: normal;\">\u00a0(D10) \u2013 9 pkt. (z 11)\u00a0<span style=\"font-weight: bold;\"><span style=\"text-decoration-line: underline;\"><span style=\"color: #ff0000;\">2. miejsce<\/span><\/span><\/span>\u00a0w szybkich \/\/\/ 10,5 pkt. (z 13)\u00a0<span style=\"text-decoration-line: underline; color: #ff0000;\"><span style=\"font-weight: bold;\">2. miejsce<\/span><\/span>\u00a0w b\u0142yskawicznych<\/span><\/li><li><span style=\"color: var( --e-global-color-text ); font-family: var( --e-global-typography-text-font-family ), Sans-serif; word-spacing: normal; font-weight: bold;\">Wiktoria Trzci\u0144ska<\/span><span style=\"color: var( --e-global-color-text ); font-family: var( --e-global-typography-text-font-family ), Sans-serif; font-weight: var( --e-global-typography-text-font-weight ); word-spacing: normal;\">\u00a0(D08) \u2013 8 pkt. (z 11)\u00a0<\/span><strong><span style=\"font-family: var( --e-global-typography-text-font-family ), Sans-serif; word-spacing: normal; color: #ff0000;\">4. miejsce<\/span><\/strong><span style=\"color: var( --e-global-color-text ); font-family: var( --e-global-typography-text-font-family ), Sans-serif; font-weight: var( --e-global-typography-text-font-weight ); word-spacing: normal;\"> w szybkich \/\/\/ 11 pkt. (z 13) <span style=\"text-decoration: underline;\"><span style=\"color: #ff0000; text-decoration: underline;\"><strong>2. miejsce<\/strong><\/span><\/span> w b\u0142yskawicznych<\/span><\/li><li><span style=\"color: var( --e-global-color-text ); font-family: var( --e-global-typography-text-font-family ), Sans-serif; word-spacing: normal; font-weight: bold;\">Sta\u015b Lenkov<\/span><span style=\"color: var( --e-global-color-text ); font-family: var( --e-global-typography-text-font-family ), Sans-serif; font-weight: var( --e-global-typography-text-font-weight ); word-spacing: normal;\">\u00a0(C10) \u2013 8 pkt. (z 11)\u00a0<\/span><span style=\"color: var( --e-global-color-text ); font-family: var( --e-global-typography-text-font-family ), Sans-serif; word-spacing: normal; font-weight: bold;\"><span style=\"color: #ff0000;\">9. miejsce<\/span><\/span><span style=\"color: var( --e-global-color-text ); font-family: var( --e-global-typography-text-font-family ), Sans-serif; font-weight: var( --e-global-typography-text-font-weight ); word-spacing: normal;\">\u00a0<\/span><span style=\"color: var( --e-global-color-text ); font-family: var( --e-global-typography-text-font-family ), Sans-serif; font-weight: var( --e-global-typography-text-font-weight ); word-spacing: normal;\">w szybkich \/\/\/ 8 pkt. (z 13) 32. miejsce w b\u0142yskawicznych<\/span><\/li><li><span style=\"font-weight: bold;\">Wojtek \u0141oboda<\/span>\u00a0(D10) \u2013 7,5 pkt. (z 11) 27. miejsce w szybkich \/\/\/ 8,5 pkt. (z 13) 29. miejsce w b\u0142yskawicznych<\/li><li><span style=\"color: var( --e-global-color-text ); font-family: var( --e-global-typography-text-font-family ), Sans-serif; word-spacing: normal; font-weight: bold;\">Hania \u0141oboda<\/span><span style=\"color: var( --e-global-color-text ); font-family: var( --e-global-typography-text-font-family ), Sans-serif; font-weight: var( --e-global-typography-text-font-weight ); word-spacing: normal;\">\u00a0(D14) \u2013 6,5 pkt. (z 11)\u00a0<span style=\"color: #ff0000;\">19. miejsce<\/span>\u00a0w szybkich \/\/\/ 8,5 pkt. (z 13)\u00a0<span style=\"font-weight: bold;\"><span style=\"color: #ff0000;\">8. miejsce<\/span><\/span>\u00a0w b\u0142yskawicznych<\/span><\/li><li><span style=\"color: var( --e-global-color-text ); font-family: var( --e-global-typography-text-font-family ), Sans-serif; word-spacing: normal; font-weight: bold;\">Gosia Kici\u0144ska<\/span><span style=\"color: var( --e-global-color-text ); font-family: var( --e-global-typography-text-font-family ), Sans-serif; font-weight: var( --e-global-typography-text-font-weight ); word-spacing: normal;\">\u00a0(D12) \u2013 7 pkt. (z 11)<\/span><span style=\"color: var( --e-global-color-text ); font-family: var( --e-global-typography-text-font-family ), Sans-serif; font-weight: var( --e-global-typography-text-font-weight ); word-spacing: normal;\">\u00a0<\/span><span style=\"font-family: var( --e-global-typography-text-font-family ), Sans-serif; font-weight: var( --e-global-typography-text-font-weight ); word-spacing: normal; color: #ff0000;\">16. miejsce<\/span><span style=\"color: var( --e-global-color-text ); font-family: var( --e-global-typography-text-font-family ), Sans-serif; font-weight: var( --e-global-typography-text-font-weight ); word-spacing: normal;\">\u00a0<\/span><span style=\"color: var( --e-global-color-text ); font-family: var( --e-global-typography-text-font-family ), Sans-serif; font-weight: var( --e-global-typography-text-font-weight ); word-spacing: normal;\">w szybkich \/\/\/ 8 pkt. (z 13)<\/span><span style=\"color: var( --e-global-color-text ); font-family: var( --e-global-typography-text-font-family ), Sans-serif; font-weight: var( --e-global-typography-text-font-weight ); word-spacing: normal;\">\u00a0<\/span><span style=\"font-family: var( --e-global-typography-text-font-family ), Sans-serif; font-weight: var( --e-global-typography-text-font-weight ); word-spacing: normal; color: #ff0000;\">13. miejsce<\/span><span style=\"color: var( --e-global-color-text ); font-family: var( --e-global-typography-text-font-family ), Sans-serif; font-weight: var( --e-global-typography-text-font-weight ); word-spacing: normal;\">\u00a0<\/span><span style=\"color: var( --e-global-color-text ); font-family: var( --e-global-typography-text-font-family ), Sans-serif; font-weight: var( --e-global-typography-text-font-weight ); word-spacing: normal;\">w b\u0142yskawicznych<\/span><\/li><li><span style=\"color: var( --e-global-color-text ); font-family: var( --e-global-typography-text-font-family ), Sans-serif; word-spacing: normal; font-weight: bold;\">Ania Kici\u0144ska<\/span><span style=\"color: var( --e-global-color-text ); font-family: var( --e-global-typography-text-font-family ), Sans-serif; font-weight: var( --e-global-typography-text-font-weight ); word-spacing: normal;\">\u00a0(D16) \u2013 7 pkt. (z 11)\u00a0<span style=\"font-weight: bold;\"><span style=\"color: #ff0000;\">10. miejsce<\/span><\/span>\u00a0w szybkich \/\/\/ 7,5 pkt. (z 13)\u00a0<\/span><span style=\"font-family: var( --e-global-typography-text-font-family ), Sans-serif; font-weight: var( --e-global-typography-text-font-weight ); word-spacing: normal; color: #ff0000;\">19. miejsce<\/span><span style=\"color: var( --e-global-color-text ); font-family: var( --e-global-typography-text-font-family ), Sans-serif; font-weight: var( --e-global-typography-text-font-weight ); word-spacing: normal;\">\u00a0w b\u0142yskawicznych<\/span><\/li><li><span style=\"font-weight: bold;\">Karol Mielcuch<\/span> (C14) \u2013 6 pkt. (z 11) 57. miejsce w szybkich \/\/\/ 8,5 pkt. (z 13) 23. miejsce\u00a0w b\u0142yskawicznych<\/li><li><span style=\"color: var( --e-global-color-text ); font-family: var( --e-global-typography-text-font-family ), Sans-serif; word-spacing: normal; font-weight: bold;\">Lilka Owczarzak<\/span><span style=\"color: var( --e-global-color-text ); font-family: var( --e-global-typography-text-font-family ), Sans-serif; font-weight: var( --e-global-typography-text-font-weight ); word-spacing: normal;\">\u00a0(D10) \u2013 6 pkt. (z 11) 33. miejsce w szybkich \/\/\/ 7 pkt. (z 13) 28. miejsce w b\u0142yskawicznych<\/span><\/li><li><span style=\"color: var( --e-global-color-text ); font-family: var( --e-global-typography-text-font-family ), Sans-serif; word-spacing: normal; font-weight: bold;\">Magda Kici\u0144ska\u00a0<\/span><span style=\"color: var( --e-global-color-text ); font-family: var( --e-global-typography-text-font-family ), Sans-serif; font-weight: var( --e-global-typography-text-font-weight ); word-spacing: normal;\">(D18)\u00a0<\/span><span style=\"color: var( --e-global-color-text ); font-family: var( --e-global-typography-text-font-family ), Sans-serif; font-weight: var( --e-global-typography-text-font-weight ); word-spacing: normal;\">\u2013 6,5 pkt. (z 11)\u00a0<strong><span style=\"color: #ff0000;\">10. miejsce<\/span><\/strong> w szybkich \/\/\/ 6 pkt. (z 13) 23. miejsce w b\u0142yskawicznych<\/span><\/li><li><span style=\"color: var( --e-global-color-text ); font-family: var( --e-global-typography-text-font-family ), Sans-serif; word-spacing: normal; font-weight: bold;\">Ada\u015b Kotarbi\u0144ski<\/span><span style=\"color: var( --e-global-color-text ); font-family: var( --e-global-typography-text-font-family ), Sans-serif; font-weight: var( --e-global-typography-text-font-weight ); word-spacing: normal;\"> (C08) \u2013 5,5 pkt. (z 11) 41. miejsce w szybkich \/\/\/ 6,5 pkt. (z 13) 54. miejsce w b\u0142yskawicznych<\/span><\/li><li><span style=\"color: var( --e-global-color-text ); font-family: var( --e-global-typography-text-font-family ), Sans-serif; word-spacing: normal; font-weight: bold;\">Simon Rajlich<\/span><span style=\"color: var( --e-global-color-text ); font-family: var( --e-global-typography-text-font-family ), Sans-serif; font-weight: var( --e-global-typography-text-font-weight ); word-spacing: normal;\"> (C12) \u2013 5,5 pkt. (z 11) 97. miejsce w szybkich \/\/\/ 6 pkt. (z 13) 106. miejsce w b\u0142yskawicznych<\/span><\/li><li><span style=\"font-weight: bold;\">Przemek Kotarbi\u0144ski<\/span> (C14) \u2013 3,5 pkt. (z 11) 147. miejsce w szybkich \/\/\/ 4 pkt. (z 13) 147. miejsce w b\u0142yskawicznych<\/li><\/ul><\/div><\/div><\/div><\/div><\/div><\/section><\/div>\t\t\t\t\t\t\t\t<\/div>\n\t\t\t\t<\/div>\n\t\t\t\t\t<\/div>\n\t\t<\/div>\n\t\t\t\t\t<\/div>\n\t\t<\/section>\n\t\t\t\t<\/div>\n\t\t","protected":false},"excerpt":{"rendered":"<p>Na pocz\u0105tku sierpnia w Krakowie zosta\u0142y zorganizowane Mistrzostwa Polski Junior\u00f3w w szachach szybkich i b\u0142yskawicznych. Nasi juniorzy zagrali wspaniale: Weronika Trzci\u0144ska zosta\u0142a Wicemistrzyni\u0105 Polski w szachach szybkich i Wicemistrzyni\u0105 w b\u0142yskawicznych, Wiktoria Trzci\u0144ska Wicemistrzyni\u0105 Polski w szachach b\u0142yskawicznych. Sta\u015b, Hania, Ania i Madzia byli w nagrodzonych pierwszych dziesi\u0105tkach swoich grup.<\/p>\n<p> <a class=\"more-link\" href=\"https:\/\/szachygrodzisk.pl\/index.php\/2024\/08\/06\/mistrzostwa-polski-bis-2024\/\">Dowiedz si\u0119 wi\u0119cej<\/a><\/p>","protected":false},"author":2,"featured_media":8851,"comment_status":"open","ping_status":"open","sticky":false,"template":"","format":"standard","meta":{"_monsterinsights_skip_tracking":false,"_monsterinsights_sitenote_active":false,"_monsterinsights_sitenote_note":"","_monsterinsights_sitenote_category":0,"footnotes":""},"categories":[15],"tags":[],"class_list":{"0":"post-8850","1":"post","2":"type-post","3":"status-publish","4":"format-standard","5":"has-post-thumbnail","7":"category-mistrzostwa-juniorow"},"_links":{"self":[{"href":"https:\/\/szachygrodzisk.pl\/index.php\/wp-json\/wp\/v2\/posts\/8850","targetHints":{"allow":["GET"]}}],"collection":[{"href":"https:\/\/szachygrodzisk.pl\/index.php\/wp-json\/wp\/v2\/posts"}],"about":[{"href":"https:\/\/szachygrodzisk.pl\/index.php\/wp-json\/wp\/v2\/types\/post"}],"author":[{"embeddable":true,"href":"https:\/\/szachygrodzisk.pl\/index.php\/wp-json\/wp\/v2\/users\/2"}],"replies":[{"embeddable":true,"href":"https:\/\/szachygrodzisk.pl\/index.php\/wp-json\/wp\/v2\/comments?post=8850"}],"version-history":[{"count":12,"href":"https:\/\/szachygrodzisk.pl\/index.php\/wp-json\/wp\/v2\/posts\/8850\/revisions"}],"predecessor-version":[{"id":8866,"href":"https:\/\/szachygrodzisk.pl\/index.php\/wp-json\/wp\/v2\/posts\/8850\/revisions\/8866"}],"wp:featuredmedia":[{"embeddable":true,"href":"https:\/\/szachygrodzisk.pl\/index.php\/wp-json\/wp\/v2\/media\/8851"}],"wp:attachment":[{"href":"https:\/\/szachygrodzisk.pl\/index.php\/wp-json\/wp\/v2\/media?parent=8850"}],"wp:term":[{"taxonomy":"category","embeddable":true,"href":"https:\/\/szachygrodzisk.pl\/index.php\/wp-json\/wp\/v2\/categories?post=8850"},{"taxonomy":"post_tag","embeddable":true,"href":"https:\/\/szachygrodzisk.pl\/index.php\/wp-json\/wp\/v2\/tags?post=8850"}],"curies":[{"name":"wp","href":"https:\/\/api.w.org\/{rel}","templated":true}]}}